{"id":35427,"date":"2026-04-30T09:30:57","date_gmt":"2026-04-30T07:30:57","guid":{"rendered":"https:\/\/portal.kiv-thueringen.de\/web\/?p=35427"},"modified":"2026-04-30T09:33:16","modified_gmt":"2026-04-30T07:33:16","slug":"kommunalcloud-in-thueringen-vdi-auf-basis-der-thueringer-verwaltungscloud-thvc","status":"publish","type":"post","link":"https:\/\/portal.kiv-thueringen.de\/web\/2026\/04\/30\/kommunalcloud-in-thueringen-vdi-auf-basis-der-thueringer-verwaltungscloud-thvc\/","title":{"rendered":"KommunalCloud in Th\u00fcringen \u2013  VDI auf Basis der Th\u00fcringer Verwaltungscloud (ThVC"},"content":{"rendered":"<p>Erfurt, 29. April 2026 \u2013 Die fortschreitende Digitalisierung stellt Kommunen zunehmend vor komplexe Herausforderungen. Gleichzeitig er\u00f6ffnen sich neue Chancen, Verwaltungsprozesse effizienter, sicherer und zukunftsf\u00e4hig zu gestalten. Vor diesem Hintergrund veranstalteten wir am 29. April 2026 eine Fachveranstaltung zum Thema \u201eKommunalCloud in Th\u00fcringen \u2013 VDI auf Basis der Th\u00fcringer Verwaltungscloud (ThVC)\u201c.<\/p>\n<p>Im Mittelpunkt stand die Th\u00fcringer Verwaltungscloud (ThVC) als zentrale Plattform f\u00fcr moderne IT-Infrastrukturen im \u00f6ffentlichen Sektor. Die KIV Th\u00fcringen gab dabei praxisnahe Einblicke in die zugrunde liegende Architektur und zeigte auf, wie Kommunen von einer standardisierten und zugleich souver\u00e4nen Cloud-L\u00f6sung profitieren k\u00f6nnen.<\/p>\n<p>Ein besonderer Fokus lag auf den Ergebnissen eines erfolgreich durchgef\u00fchrten Proof of Concept (POC) gemeinsam mit der Stadtverwaltung Lauscha. Dieser lieferte konkrete Erkenntnisse zur Umsetzbarkeit und zum Nutzen cloudbasierter Arbeitsumgebungen im kommunalen Alltag.<\/p>\n<p>Dar\u00fcber hinaus wurde aufgezeigt, wie sogenannte VDI-Arbeitspl\u00e4tze (Virtual Desktop Infrastructure) \u00fcber das KVNFT sicher und effizient bereitgestellt werden k\u00f6nnen. Diese erm\u00f6glichen es Kommunen, Arbeitspl\u00e4tze flexibel, zentral verwaltet und unabh\u00e4ngig von physischen Endger\u00e4ten zu betreiben.<\/p>\n<p data-start=\"1615\" data-end=\"1945\">Ein weiterer Programmpunkt widmete sich der strategischen Ausrichtung im Kontext aktueller Marktentwicklungen. Insbesondere die Diskussion um Exit-Strategien von etablierten Anbietern wie VMware verdeutlichten die Notwendigkeit eines souver\u00e4nen Cloud-Betriebs und unterstrich die Bedeutung unabh\u00e4ngiger, \u00f6ffentlicher IT-Strukturen.<\/p>\n<p data-start=\"1947\" data-end=\"2197\">Durch das Programm f\u00fchrten erfahrene Referenten aus der KIV Th\u00fcringen. Neben den Fachvortr\u00e4gen bot die Veranstaltung ausreichend Raum f\u00fcr offene Gespr\u00e4che und den Austausch von Erfahrungen zwischen den Teilnehmenden.<\/p>\n<p data-start=\"2199\" data-end=\"2491\" data-is-last-node=\"\" data-is-only-node=\"\">Mit dieser Veranstaltung unterstrich die KIV Th\u00fcringen ihre Rolle als verl\u00e4sslicher Partner f\u00fcr Kommunen auf dem Weg in die digitale Zukunft. Ziel war es, konkrete L\u00f6sungsans\u00e4tze aufzuzeigen und gemeinsam mit den Kommunen tragf\u00e4hige Strategien f\u00fcr eine moderne Verwaltungs-IT zu entwickeln.<\/p>\n","protected":false},"excerpt":{"rendered":"<p>Erfurt, 29. April 2026 \u2013 Die fortschreitende Digitalisierung stellt Kommunen zunehmend vor komplexe Herausforderungen. Gleichzeitig er\u00f6ffnen sich neue Chancen, Verwaltungsprozesse effizienter, sicherer und zukunftsf\u00e4hig zu gestalten. Vor diesem Hintergrund veranstalteten wir am 29. April 2026 eine Fachveranstaltung zum Thema \u201eKommunalCloud&hellip;&nbsp;<a href=\"https:\/\/portal.kiv-thueringen.de\/web\/2026\/04\/30\/kommunalcloud-in-thueringen-vdi-auf-basis-der-thueringer-verwaltungscloud-thvc\/\" class=\"more-link\">weiterlesen<\/a><\/p>\n","protected":false},"author":20,"featured_media":35428,"comment_status":"closed","ping_status":"closed","sticky":false,"template":"","format":"standard","meta":{"footnotes":""},"categories":[1],"tags":[],"class_list":["post-35427","post","type-post","status-publish","format-standard","has-post-thumbnail","hentry","category-allgemein"],"_links":{"self":[{"href":"https:\/\/portal.kiv-thueringen.de\/web\/wp-json\/wp\/v2\/posts\/35427","targetHints":{"allow":["GET"]}}],"collection":[{"href":"https:\/\/portal.kiv-thueringen.de\/web\/wp-json\/wp\/v2\/posts"}],"about":[{"href":"https:\/\/portal.kiv-thueringen.de\/web\/wp-json\/wp\/v2\/types\/post"}],"author":[{"embeddable":true,"href":"https:\/\/portal.kiv-thueringen.de\/web\/wp-json\/wp\/v2\/users\/20"}],"replies":[{"embeddable":true,"href":"https:\/\/portal.kiv-thueringen.de\/web\/wp-json\/wp\/v2\/comments?post=35427"}],"version-history":[{"count":3,"href":"https:\/\/portal.kiv-thueringen.de\/web\/wp-json\/wp\/v2\/posts\/35427\/revisions"}],"predecessor-version":[{"id":35441,"href":"https:\/\/portal.kiv-thueringen.de\/web\/wp-json\/wp\/v2\/posts\/35427\/revisions\/35441"}],"wp:featuredmedia":[{"embeddable":true,"href":"https:\/\/portal.kiv-thueringen.de\/web\/wp-json\/wp\/v2\/media\/35428"}],"wp:attachment":[{"href":"https:\/\/portal.kiv-thueringen.de\/web\/wp-json\/wp\/v2\/media?parent=35427"}],"wp:term":[{"taxonomy":"category","embeddable":true,"href":"https:\/\/portal.kiv-thueringen.de\/web\/wp-json\/wp\/v2\/categories?post=35427"},{"taxonomy":"post_tag","embeddable":true,"href":"https:\/\/portal.kiv-thueringen.de\/web\/wp-json\/wp\/v2\/tags?post=35427"}],"curies":[{"name":"wp","href":"https:\/\/api.w.org\/{rel}","templated":true}]}}